{"id":849,"date":"2015-07-22T19:04:27","date_gmt":"2015-07-22T17:04:27","guid":{"rendered":"https:\/\/www.tnttparis.fr\/?p=849"},"modified":"2015-07-22T19:04:27","modified_gmt":"2015-07-22T17:04:27","slug":"video-frat-2015-jambville","status":"publish","type":"post","link":"https:\/\/www.tnttparis.fr\/vi\/video-frat-2015-jambville\/","title":{"rendered":"[Vid\u00e9o] Frat 2015 Jambville"},"content":{"rendered":"<p>C\u00e1c Em Thi\u1ebfu Nhi v\u00e0 Ngh\u0129a S\u0129 \u0111i h\u00e0nh h\u01b0\u01a1ng \u1edf Frat t\u1ea1i Jambville v\u00e0o d\u1ecbp Ch\u00faa Th\u00e1nh Th\u1ea7n hi\u1ec7n xu\u1ed1ng. C\u1ea3m \u01a1n c\u00e1c Anh Ch\u1ecb Huynh tr\u01b0\u1edfng \u0111\u00e3 b\u1ecf th\u1eddi gi\u1edd \u0111\u1ec3 gi\u00fap c\u00e1c Em.<\/p>\n<p><em>Les jeunes du MEJ Vietnamien ont particip\u00e9 au Frat 2015 \u00e0 Jambville pendant le we ek-end de Pentec\u00f4te. Merci au responsable, animateurs, \u00e0 la mairie d&#8217;avoir accompagn\u00e9 les jeunes durant ce p\u00e8lerinage.<\/em><\/p>\n<p><iframe loading=\"lazy\" src=\"https:\/\/www.youtube.com\/embed\/zfHpSJBrGjA\" width=\"560\" height=\"315\" frameborder=\"0\" allowfullscreen=\"allowfullscreen\"><\/iframe><\/p>\n","protected":false},"excerpt":{"rendered":"<p>C\u00e1c Em Thi\u1ebfu Nhi v\u00e0 Ngh\u0129a S\u0129 \u0111i h\u00e0nh h\u01b0\u01a1ng \u1edf Frat t\u1ea1i Jambville v\u00e0o d\u1ecbp Ch\u00faa Th\u00e1nh Th\u1ea7n hi\u1ec7n xu\u1ed1ng. C\u1ea3m \u01a1n c\u00e1c Anh Ch\u1ecb Huynh tr\u01b0\u1edfng \u0111\u00e3 b\u1ecf th\u1eddi gi\u1edd \u0111\u1ec3 gi\u00fap c\u00e1c Em. Les jeunes du MEJ Vietnamien ont particip\u00e9 au Frat 2015 \u00e0 Jambville pendant le we ek-end de Pentec\u00f4te. Merci au responsable, animateurs, \u00e0 la mairie d&#8217;avoir accompagn\u00e9 les jeunes durant ce p\u00e8lerinage.<\/p>\n","protected":false},"author":1,"featured_media":0,"comment_status":"closed","ping_status":"open","sticky":false,"template":"","format":"video","meta":{"footnotes":""},"categories":[2],"tags":[44,42],"class_list":["post-849","post","type-post","status-publish","format-video","hentry","category-hinh-anh-phim","tag-frat","tag-jambville","post_format-post-format-video"],"translation":{"provider":"WPGlobus","version":"2.12.2","language":"vi","enabled_languages":["fr","vi"],"languages":{"fr":{"title":true,"content":true,"excerpt":false},"vi":{"title":false,"content":false,"excerpt":false}}},"_links":{"self":[{"href":"https:\/\/www.tnttparis.fr\/vi\/wp-json\/wp\/v2\/posts\/849"}],"collection":[{"href":"https:\/\/www.tnttparis.fr\/vi\/wp-json\/wp\/v2\/posts"}],"about":[{"href":"https:\/\/www.tnttparis.fr\/vi\/wp-json\/wp\/v2\/types\/post"}],"author":[{"embeddable":true,"href":"https:\/\/www.tnttparis.fr\/vi\/wp-json\/wp\/v2\/users\/1"}],"replies":[{"embeddable":true,"href":"https:\/\/www.tnttparis.fr\/vi\/wp-json\/wp\/v2\/comments?post=849"}],"version-history":[{"count":1,"href":"https:\/\/www.tnttparis.fr\/vi\/wp-json\/wp\/v2\/posts\/849\/revisions"}],"predecessor-version":[{"id":850,"href":"https:\/\/www.tnttparis.fr\/vi\/wp-json\/wp\/v2\/posts\/849\/revisions\/850"}],"wp:attachment":[{"href":"https:\/\/www.tnttparis.fr\/vi\/wp-json\/wp\/v2\/media?parent=849"}],"wp:term":[{"taxonomy":"category","embeddable":true,"href":"https:\/\/www.tnttparis.fr\/vi\/wp-json\/wp\/v2\/categories?post=849"},{"taxonomy":"post_tag","embeddable":true,"href":"https:\/\/www.tnttparis.fr\/vi\/wp-json\/wp\/v2\/tags?post=849"}],"curies":[{"name":"wp","href":"https:\/\/api.w.org\/{rel}","templated":true}]}}